{"id":19274,"date":"2012-12-07T18:54:29","date_gmt":"2012-12-07T17:54:29","guid":{"rendered":"http:\/\/www.kita-regenbogen.ch\/die-waldkinder-besuchen-den-samichlaus\/"},"modified":"2012-12-07T18:54:29","modified_gmt":"2012-12-07T17:54:29","slug":"die-waldkinder-besuchen-den-samichlaus","status":"publish","type":"post","link":"https:\/\/www.kita-regenbogen.ch\/en\/die-waldkinder-besuchen-den-samichlaus\/","title":{"rendered":"Die Waldkinder besuchen den Samichlaus"},"content":{"rendered":"<p><strong>Es war der letzte Wald-Vormittag dieses Jahres. Und zugleich war es ein ganz besonderer!<\/strong><\/p>\n<p>&#8220;Oh, Markus, kommst Du auch mit?&#8221;, fragen die Kinder, als ich mich im Schneeanzug mit in die Begr\u00fcssungsrunde im Korridor setzte. &#8220;Warum?&#8221;, &#8220;Toll!&#8221;, &#8220;Ich zeige Dir dann den gr\u00fcnen Stein&#8221;, waren nur einige R\u00fcckmeldungen. Als sich die Kinder der Kleinkindergarten-Gruppen mit einem Lied gegenseitig begr\u00fcsst hatten, ging es auch schon auf den Bus, der uns zum K\u00e4ferberg fuhr.<\/p>\n<p>Kaum dort angekommen, zeigten die Kinder, dass sie sich im Wald bereits bestens auskennen. Die ersten St\u00f6cke wurden gesammelt, zum Teil so grosse, dass es drei Kinder brauchte, um diese den Berg hinaufzuziehen. Ich dachte, sie werden diese sicher bald wieder liegen lassen, aber nein: Bis zum Ziel, dem Versammlungsplatz unserer Waldkinder, hatten sie ihre grossen \u00c4ste im Schlepptau.<\/p>\n<p>Nur Thierry hatte sich einen kleinen Ast gesucht. Er schien ein anderes Thema zu verfolgen: Mit einem kleinen Ast, der wie ein Hammer geformt war, das Eis von allen m\u00f6glichen Oberfl\u00e4chen zu schlagen: &#8220;Guck mal, so kann ich das B\u00e4nkli wieder vom Eis befreien&#8221;, ruft er uns zu. Leonard hat derweil ein ganz anderes Projekt: Mit seinem langen Ast, den er alleine nach oben brachte,\u00a0 aus der Ferne in den Brunnen schlagen, damit es sch\u00f6n spritzt. Dies verlangte ihm viel Konzentration und Koordination ab, bei dem er fast das Zn\u00fcni vergass.<\/p>\n<p>Oben auf dem Versammlungsplatz angekommen, wurde mir als Gast dieser Runde endlich klar, warum die Kinder mit solch grossem Ehrgeiz die schweren \u00c4ste den K\u00e4ferberg hinaufzogen. &#8220;Lueg, da bauen wir unsere Br\u00fccke&#8221;, sagt Leonard und verfrachtet seinen Stecken direkt \u00fcber einen grossen Haufen an \u00c4sten, den die Kinder bei den vormaligen Waldbesuchen bereits \u00fcber den kleinen Bach geschichtet hatten. Wie Ingenieure pr\u00fcften sie Halt, Stabilit\u00e4t und Aussehen ihrer Br\u00fccke, \u00fcber die sie hin und her kletterten.<\/p>\n<p>Bis das Seil ins Spiel kam. Denn mit diesem liess sich prima ein Tauziehen \u00fcber beide Bachseiten veranstalten.<\/p>\n<p>Zur St\u00e4rkung zwischendurch gab es zun\u00e4chst einen warmen Punsch bei Kerzenschein. Aber das war nur die Vorbereitung auf das, was die Kinder als besonderes Highlight an diesem Morgen erwaretete. Denn nur wenige Meter vom Versammlungsplatz hat der Samichlaus seine Winterresidenz &#8211; und wenn gestern schon der 6.12.12\u00a0 war, dann ist er heute vielleicht auch noch in der kleinen Holzh\u00fctte, deren Fensterl\u00e4den den ganzen Sommer und Herbst geschlossen waren.<\/p>\n<p>Und richtig: Vor der H\u00fctte standen ein paar Kinder und der Schmutzli. &#8220;Ihr m\u00f6chtet zum Samlichlaus?&#8221;, fragte Schmutzli? &#8220;Dann m\u00fcsst ihr nur einen kurzen Moment warten, er holt Euch gleich herein&#8221;. Nur wenige Minuten sp\u00e4ter sassen wir in der gem\u00fctlichen H\u00fctte, die von einem alten Holzofen gew\u00e4rmt wurde. Der Samlichlaus erz\u00e4hlte, was er das letzte Jahr so gemacht hat und dass er nur gutes von den Kindern geh\u00f6rt h\u00e4tte. Am Schluss sagten Bodo und Hannes noch ein Versli auf, das den Samichlaus m\u00e4chtig beeindruckte. &#8220;Da habt Ihr Euch aber einen grossen Lebkuchen verdient&#8221;, sagte uns der Samichlaus zum Abschied.<\/p>\n<p>Als wir die H\u00fctte verliessen, hatte es breits wieder zu schneien begonnen. Die Kinder gingen zufrieden mit allen BetreuerInnen den Berg hinunter und freuten sich auf den Zmittag. &#8220;Lueg, ich zeichne eine ganz lange Linie auf den Boden &#8211; bis zum Bus&#8221;, sagte Luc, der bereits wieder einen Stecken gefunden hatte. Wer weiss: Vielleicht m\u00f6chte uns der Samichlaus ja nochmals besuchen&#8230;<\/p>\n<div class=\"gallery_wrapper\">\n<a class=\"gallery_item\" href=\"\/slideshow\/?images=24326 24327 24328 24329 24330 24331 24332 24333 24334 24335 24336 24337 24338 24339 24340 24341 24342 24343 24344 24345 24346\" target=\"_blank\" style=\"background-image: url(https:\/\/www.kita-regenbogen.ch\/wp-content\/uploads\/2012\/12\/img_1580-300x225.jpg)\"><\/a>\n<a class=\"gallery_item\" href=\"\/slideshow\/?images=24327 24328 24329 24330 24331 24332 24333 24334 24335 24336 24337 24338 24339 24340 24341 24342 24343 24344 24345 24346 24326\" target=\"_blank\" style=\"background-image: url(https:\/\/www.kita-regenbogen.ch\/wp-content\/uploads\/2012\/12\/img_1582-225x300.jpg)\"><\/a>\n<a class=\"gallery_item\" href=\"\/slideshow\/?images=24328 24329 24330 24331 24332 24333 24334 24335 24336 24337 24338 24339 24340 24341 24342 24343 24344 24345 24346 24326 24327\" target=\"_blank\" style=\"background-image: url(https:\/\/www.kita-regenbogen.ch\/wp-content\/uploads\/2012\/12\/img_1586-300x225.jpg)\"><\/a>\n<a class=\"gallery_item\" href=\"\/slideshow\/?images=24329 24330 24331 24332 24333 24334 24335 24336 24337 24338 24339 24340 24341 24342 24343 24344 24345 24346 24326 24327 24328\" target=\"_blank\" style=\"background-image: url(https:\/\/www.kita-regenbogen.ch\/wp-content\/uploads\/2012\/12\/img_1590-225x300.jpg)\"><\/a>\n<a class=\"gallery_item\" href=\"\/slideshow\/?images=24330 24331 24332 24333 24334 24335 24336 24337 24338 24339 24340 24341 24342 24343 24344 24345 24346 24326 24327 24328 24329\" target=\"_blank\" style=\"background-image: url(https:\/\/www.kita-regenbogen.ch\/wp-content\/uploads\/2012\/12\/img_1592-225x300.jpg)\"><\/a>\n<a class=\"gallery_item\" href=\"\/slideshow\/?images=24331 24332 24333 24334 24335 24336 24337 24338 24339 24340 24341 24342 24343 24344 24345 24346 24326 24327 24328 24329 24330\" target=\"_blank\" style=\"background-image: url(https:\/\/www.kita-regenbogen.ch\/wp-content\/uploads\/2012\/12\/img_1593-300x225.jpg)\"><\/a>\n<a class=\"gallery_item\" href=\"\/slideshow\/?images=24332 24333 24334 24335 24336 24337 24338 24339 24340 24341 24342 24343 24344 24345 24346 24326 24327 24328 24329 24330 24331\" target=\"_blank\" style=\"background-image: url(https:\/\/www.kita-regenbogen.ch\/wp-content\/uploads\/2012\/12\/img_1594-225x300.jpg)\"><\/a>\n<a class=\"gallery_item\" href=\"\/slideshow\/?images=24333 24334 24335 24336 24337 24338 24339 24340 24341 24342 24343 24344 24345 24346 24326 24327 24328 24329 24330 24331 24332\" target=\"_blank\" style=\"background-image: url(https:\/\/www.kita-regenbogen.ch\/wp-content\/uploads\/2012\/12\/img_1598-225x300.jpg)\"><\/a>\n<a class=\"gallery_item\" href=\"\/slideshow\/?images=24334 24335 24336 24337 24338 24339 24340 24341 24342 24343 24344 24345 24346 24326 24327 24328 24329 24330 24331 24332 24333\" target=\"_blank\" style=\"background-image: url(https:\/\/www.kita-regenbogen.ch\/wp-content\/uploads\/2012\/12\/img_1600-225x300.jpg)\"><\/a>\n<a class=\"gallery_item\" href=\"\/slideshow\/?images=24335 24336 24337 24338 24339 24340 24341 24342 24343 24344 24345 24346 24326 24327 24328 24329 24330 24331 24332 24333 24334\" target=\"_blank\" style=\"background-image: url(https:\/\/www.kita-regenbogen.ch\/wp-content\/uploads\/2012\/12\/img_1601-225x300.jpg)\"><\/a>\n<a class=\"gallery_item\" href=\"\/slideshow\/?images=24336 24337 24338 24339 24340 24341 24342 24343 24344 24345 24346 24326 24327 24328 24329 24330 24331 24332 24333 24334 24335\" target=\"_blank\" style=\"background-image: url(https:\/\/www.kita-regenbogen.ch\/wp-content\/uploads\/2012\/12\/img_1605-225x300.jpg)\"><\/a>\n<a class=\"gallery_item\" href=\"\/slideshow\/?images=24337 24338 24339 24340 24341 24342 24343 24344 24345 24346 24326 24327 24328 24329 24330 24331 24332 24333 24334 24335 24336\" target=\"_blank\" style=\"background-image: url(https:\/\/www.kita-regenbogen.ch\/wp-content\/uploads\/2012\/12\/img_1612-300x225.jpg)\"><\/a>\n<a class=\"gallery_item\" href=\"\/slideshow\/?images=24338 24339 24340 24341 24342 24343 24344 24345 24346 24326 24327 24328 24329 24330 24331 24332 24333 24334 24335 24336 24337\" target=\"_blank\" style=\"background-image: url(https:\/\/www.kita-regenbogen.ch\/wp-content\/uploads\/2012\/12\/img_1616-300x225.jpg)\"><\/a>\n<a class=\"gallery_item\" href=\"\/slideshow\/?images=24339 24340 24341 24342 24343 24344 24345 24346 24326 24327 24328 24329 24330 24331 24332 24333 24334 24335 24336 24337 24338\" target=\"_blank\" style=\"background-image: url(https:\/\/www.kita-regenbogen.ch\/wp-content\/uploads\/2012\/12\/img_1617-300x225.jpg)\"><\/a>\n<a class=\"gallery_item\" href=\"\/slideshow\/?images=24340 24341 24342 24343 24344 24345 24346 24326 24327 24328 24329 24330 24331 24332 24333 24334 24335 24336 24337 24338 24339\" target=\"_blank\" style=\"background-image: url(https:\/\/www.kita-regenbogen.ch\/wp-content\/uploads\/2012\/12\/img_1618-300x225.jpg)\"><\/a>\n<a class=\"gallery_item\" href=\"\/slideshow\/?images=24341 24342 24343 24344 24345 24346 24326 24327 24328 24329 24330 24331 24332 24333 24334 24335 24336 24337 24338 24339 24340\" target=\"_blank\" style=\"background-image: url(https:\/\/www.kita-regenbogen.ch\/wp-content\/uploads\/2012\/12\/img_1619-300x225.jpg)\"><\/a>\n<a class=\"gallery_item\" href=\"\/slideshow\/?images=24342 24343 24344 24345 24346 24326 24327 24328 24329 24330 24331 24332 24333 24334 24335 24336 24337 24338 24339 24340 24341\" target=\"_blank\" style=\"background-image: url(https:\/\/www.kita-regenbogen.ch\/wp-content\/uploads\/2012\/12\/img_1624-300x225.jpg)\"><\/a>\n<a class=\"gallery_item\" href=\"\/slideshow\/?images=24343 24344 24345 24346 24326 24327 24328 24329 24330 24331 24332 24333 24334 24335 24336 24337 24338 24339 24340 24341 24342\" target=\"_blank\" style=\"background-image: url(https:\/\/www.kita-regenbogen.ch\/wp-content\/uploads\/2012\/12\/img_1628-300x225.jpg)\"><\/a>\n<a class=\"gallery_item\" href=\"\/slideshow\/?images=24344 24345 24346 24326 24327 24328 24329 24330 24331 24332 24333 24334 24335 24336 24337 24338 24339 24340 24341 24342 24343\" target=\"_blank\" style=\"background-image: url(https:\/\/www.kita-regenbogen.ch\/wp-content\/uploads\/2012\/12\/img_1631-300x225.jpg)\"><\/a>\n<a class=\"gallery_item\" href=\"\/slideshow\/?images=24345 24346 24326 24327 24328 24329 24330 24331 24332 24333 24334 24335 24336 24337 24338 24339 24340 24341 24342 24343 24344\" target=\"_blank\" style=\"background-image: url(https:\/\/www.kita-regenbogen.ch\/wp-content\/uploads\/2012\/12\/img_1636-300x225.jpg)\"><\/a>\n<a class=\"gallery_item\" href=\"\/slideshow\/?images=24346 24326 24327 24328 24329 24330 24331 24332 24333 24334 24335 24336 24337 24338 24339 24340 24341 24342 24343 24344 24345\" target=\"_blank\" style=\"background-image: url(https:\/\/www.kita-regenbogen.ch\/wp-content\/uploads\/2012\/12\/img_1637-225x300.jpg)\"><\/a>\n<\/div>\n\n","protected":false},"excerpt":{"rendered":"<p>Es war der letzte Wald-Vormittag dieses Jahres. Und zugleich war es ein ganz besonderer! &#8220;Oh, Markus, kommst Du auch mit?&#8221;, fragen die Kinder, als ich mich im Schneeanzug mit in die Begr\u00fcssungsrunde im Korridor setzte. &#8220;Warum?&#8221;, &#8220;Toll!&#8221;, &#8220;Ich zeige Dir dann den gr\u00fcnen Stein&#8221;, waren nur einige R\u00fcckmeldungen. Als sich die Kinder der Kleinkindergarten-Gruppen mit [&hellip;]<\/p>\n","protected":false},"author":2,"featured_media":0,"comment_status":"closed","ping_status":"closed","sticky":false,"template":"","format":"standard","meta":{"footnotes":""},"categories":[9,10,4],"tags":[],"class_list":["post-19274","post","type-post","status-publish","format-standard","hentry","category-online-diary","category-uncategorized","category-unkategorisiert"],"_links":{"self":[{"href":"https:\/\/www.kita-regenbogen.ch\/en\/wp-json\/wp\/v2\/posts\/19274","targetHints":{"allow":["GET"]}}],"collection":[{"href":"https:\/\/www.kita-regenbogen.ch\/en\/wp-json\/wp\/v2\/posts"}],"about":[{"href":"https:\/\/www.kita-regenbogen.ch\/en\/wp-json\/wp\/v2\/types\/post"}],"author":[{"embeddable":true,"href":"https:\/\/www.kita-regenbogen.ch\/en\/wp-json\/wp\/v2\/users\/2"}],"replies":[{"embeddable":true,"href":"https:\/\/www.kita-regenbogen.ch\/en\/wp-json\/wp\/v2\/comments?post=19274"}],"version-history":[{"count":0,"href":"https:\/\/www.kita-regenbogen.ch\/en\/wp-json\/wp\/v2\/posts\/19274\/revisions"}],"wp:attachment":[{"href":"https:\/\/www.kita-regenbogen.ch\/en\/wp-json\/wp\/v2\/media?parent=19274"}],"wp:term":[{"taxonomy":"category","embeddable":true,"href":"https:\/\/www.kita-regenbogen.ch\/en\/wp-json\/wp\/v2\/categories?post=19274"},{"taxonomy":"post_tag","embeddable":true,"href":"https:\/\/www.kita-regenbogen.ch\/en\/wp-json\/wp\/v2\/tags?post=19274"}],"curies":[{"name":"wp","href":"https:\/\/api.w.org\/{rel}","templated":true}]}}